{"id":3945,"date":"2026-09-02T14:52:12","date_gmt":"2026-09-02T12:52:12","guid":{"rendered":"https:\/\/swiebodzice-zss.pl\/?p=3945"},"modified":"2026-09-02T14:53:50","modified_gmt":"2026-09-02T12:53:50","slug":"rozpoczecie-roku-szkolnego-2026-2027","status":"publish","type":"post","link":"https:\/\/swiebodzice-zss.pl\/?p=3945","title":{"rendered":"ROZPOCZ\u0118CIE ROKU SZKOLNEGO 2026\/2027"},"content":{"rendered":"<div class=\"x14z9mp xat24cr x1lziwak x1vvkbs xtlvy1s x126k92a\">\n<div dir=\"auto\">1 wrze\u015bnia 2026 r. rozpocz\u0119li\u015bmy nowy rok szkolny. Mi\u0142o by\u0142o zn\u00f3w spotka\u0107 si\u0119 razem \u2013 po wakacyjnej przerwie wr\u00f3cili\u015bmy do szko\u0142y pe\u0142ni energii, u\u015bmiechu i nowych plan\u00f3w. Podczas uroczysto\u015bci nie zabrak\u0142o r\u00f3wnie\u017c chwili refleksji. Pami\u0119tamy, \u017ce 1 wrze\u015bnia 1939 roku rozpocz\u0119\u0142a si\u0119 II wojna \u015bwiatowa. Oddali\u015bmy ho\u0142d wszystkim, kt\u00f3rzy w tych tragicznych wydarzeniach walczyli i po\u015bwi\u0119cili swoje \u017cycie za Ojczyzn\u0119. Przed nami kolejny rok pe\u0142en nauki, wyzwa\u0144, spotka\u0144 i wsp\u00f3lnych chwil. \u017byczymy wszystkim uczniom wielu sukces\u00f3w, rado\u015bci i samych dobrych dni.<\/div>\n<\/div>\n<div dir=\"auto\" style=\"text-align: center;\"><a href=\"https:\/\/swiebodzice-zss.pl\/wp-content\/uploads\/2026\/09\/szkola2.jpg\"><img loading=\"lazy\" decoding=\"async\" class=\"alignnone wp-image-3947 size-large\" src=\"https:\/\/swiebodzice-zss.pl\/wp-content\/uploads\/2026\/09\/szkola2-576x1024.jpg\" alt=\"\" width=\"576\" height=\"1024\" srcset=\"https:\/\/swiebodzice-zss.pl\/wp-content\/uploads\/2026\/09\/szkola2-576x1024.jpg 576w, https:\/\/swiebodzice-zss.pl\/wp-content\/uploads\/2026\/09\/szkola2-169x300.jpg 169w, https:\/\/swiebodzice-zss.pl\/wp-content\/uploads\/2026\/09\/szkola2-768x1365.jpg 768w, https:\/\/swiebodzice-zss.pl\/wp-content\/uploads\/2026\/09\/szkola2-864x1536.jpg 864w, https:\/\/swiebodzice-zss.pl\/wp-content\/uploads\/2026\/09\/szkola2.jpg 1134w\" sizes=\"auto, (max-width: 576px) 100vw, 576px\" \/><\/a><\/div>\n<div dir=\"auto\"><\/div>\n<div dir=\"auto\" style=\"text-align: center;\"><a href=\"https:\/\/swiebodzice-zss.pl\/wp-content\/uploads\/2026\/09\/szkola1.jpg\"><img loading=\"lazy\" decoding=\"async\" class=\"alignnone wp-image-3946 size-large\" src=\"https:\/\/swiebodzice-zss.pl\/wp-content\/uploads\/2026\/09\/szkola1-1024x460.jpg\" alt=\"\" width=\"720\" height=\"323\" srcset=\"https:\/\/swiebodzice-zss.pl\/wp-content\/uploads\/2026\/09\/szkola1-1024x460.jpg 1024w, https:\/\/swiebodzice-zss.pl\/wp-content\/uploads\/2026\/09\/szkola1-300x135.jpg 300w, https:\/\/swiebodzice-zss.pl\/wp-content\/uploads\/2026\/09\/szkola1-768x345.jpg 768w, https:\/\/swiebodzice-zss.pl\/wp-content\/uploads\/2026\/09\/szkola1.jpg 1424w\" sizes=\"auto, (max-width: 720px) 100vw, 720px\" \/><\/a><\/div>\n","protected":false},"excerpt":{"rendered":"<p>1 wrze\u015bnia 2026 r. rozpocz\u0119li\u015bmy nowy rok szkolny. Mi\u0142o by\u0142o zn\u00f3w spotka\u0107 si\u0119 razem \u2013 po wakacyjnej przerwie wr\u00f3cili\u015bmy do szko\u0142y pe\u0142ni energii, u\u015bmiechu i nowych plan\u00f3w. Podczas uroczysto\u015bci nie zabrak\u0142o r\u00f3wnie\u017c chwili refleksji.&#46;&#46;&#46;<\/p>\n","protected":false},"author":2,"featured_media":3946,"comment_status":"closed","ping_status":"open","sticky":false,"template":"","format":"standard","meta":{"footnotes":""},"categories":[1],"tags":[],"class_list":["post-3945","post","type-post","status-publish","format-standard","has-post-thumbnail","hentry","category-bez-kategorii"],"_links":{"self":[{"href":"https:\/\/swiebodzice-zss.pl\/index.php?rest_route=\/wp\/v2\/posts\/3945","targetHints":{"allow":["GET"]}}],"collection":[{"href":"https:\/\/swiebodzice-zss.pl\/index.php?rest_route=\/wp\/v2\/posts"}],"about":[{"href":"https:\/\/swiebodzice-zss.pl\/index.php?rest_route=\/wp\/v2\/types\/post"}],"author":[{"embeddable":true,"href":"https:\/\/swiebodzice-zss.pl\/index.php?rest_route=\/wp\/v2\/users\/2"}],"replies":[{"embeddable":true,"href":"https:\/\/swiebodzice-zss.pl\/index.php?rest_route=%2Fwp%2Fv2%2Fcomments&post=3945"}],"version-history":[{"count":3,"href":"https:\/\/swiebodzice-zss.pl\/index.php?rest_route=\/wp\/v2\/posts\/3945\/revisions"}],"predecessor-version":[{"id":3950,"href":"https:\/\/swiebodzice-zss.pl\/index.php?rest_route=\/wp\/v2\/posts\/3945\/revisions\/3950"}],"wp:featuredmedia":[{"embeddable":true,"href":"https:\/\/swiebodzice-zss.pl\/index.php?rest_route=\/wp\/v2\/media\/3946"}],"wp:attachment":[{"href":"https:\/\/swiebodzice-zss.pl\/index.php?rest_route=%2Fwp%2Fv2%2Fmedia&parent=3945"}],"wp:term":[{"taxonomy":"category","embeddable":true,"href":"https:\/\/swiebodzice-zss.pl\/index.php?rest_route=%2Fwp%2Fv2%2Fcategories&post=3945"},{"taxonomy":"post_tag","embeddable":true,"href":"https:\/\/swiebodzice-zss.pl\/index.php?rest_route=%2Fwp%2Fv2%2Ftags&post=3945"}],"curies":[{"name":"wp","href":"https:\/\/api.w.org\/{rel}","templated":true}]}}