{"id":3750,"date":"2026-04-28T08:58:02","date_gmt":"2026-04-28T06:58:02","guid":{"rendered":"https:\/\/swiebodzice-zss.pl\/?p=3750"},"modified":"2026-04-28T08:58:02","modified_gmt":"2026-04-28T06:58:02","slug":"rytmiczny-poranek-pelen-energii","status":"publish","type":"post","link":"https:\/\/swiebodzice-zss.pl\/?p=3750","title":{"rendered":"RYTMICZNY PORANEK PE\u0141EN ENERGII"},"content":{"rendered":"<p><span class=\"xdmh292 x15dsfln x140p0ai x1gufx9m x1s928wv xhkezso x1gmr53x x1cpjm7i x1fgarty x1943h6x x193iq5w xeuugli x13faqbe x1vvkbs x1yc453h x1lliihq xzsf02u xlh3980 xvmahel x1x9mg3 xo1l8bm\" dir=\"auto\">Kolejny Poranek Muzyczny dla przedszkoli i szk\u00f3\u0142 w Filharmonii Sudeckiej w Wa\u0142brzychu za nami! Tym razem dali\u015bmy si\u0119 porwa\u0107 rytmom podczas koncertu \u201ePerkusyjny zawr\u00f3t g\u0142owy\u201d. By\u0142o g\u0142o\u015bno, weso\u0142o i bardzo aktywnie \u2013 dzieci nie tylko s\u0142ucha\u0142y, ale te\u017c klaska\u0142y, tupa\u0142y i wsp\u00f3lnie tworzy\u0142y muzyk\u0119. To by\u0142 \u015bwietny spos\u00f3b na poznanie instrument\u00f3w perkusyjnych i ich r\u00f3\u017cnorodnych brzmie\u0144. Jak zawsze \u2013 du\u017co rado\u015bci, u\u015bmiech\u00f3w i muzycznych odkry\u0107<\/span>.<\/p>\n<p><a href=\"https:\/\/swiebodzice-zss.pl\/wp-content\/uploads\/2026\/04\/zd3-6.jpg\"><img loading=\"lazy\" decoding=\"async\" class=\"alignnone wp-image-3751 size-medium\" src=\"https:\/\/swiebodzice-zss.pl\/wp-content\/uploads\/2026\/04\/zd3-6-225x300.jpg\" alt=\"\" width=\"225\" height=\"300\" srcset=\"https:\/\/swiebodzice-zss.pl\/wp-content\/uploads\/2026\/04\/zd3-6-225x300.jpg 225w, https:\/\/swiebodzice-zss.pl\/wp-content\/uploads\/2026\/04\/zd3-6-768x1024.jpg 768w, https:\/\/swiebodzice-zss.pl\/wp-content\/uploads\/2026\/04\/zd3-6-1152x1536.jpg 1152w, https:\/\/swiebodzice-zss.pl\/wp-content\/uploads\/2026\/04\/zd3-6.jpg 1536w\" sizes=\"auto, (max-width: 225px) 100vw, 225px\" \/><\/a> <a href=\"https:\/\/swiebodzice-zss.pl\/wp-content\/uploads\/2026\/04\/zd2-8.jpg\"><img loading=\"lazy\" decoding=\"async\" class=\"alignnone wp-image-3752 size-medium\" src=\"https:\/\/swiebodzice-zss.pl\/wp-content\/uploads\/2026\/04\/zd2-8-225x300.jpg\" alt=\"\" width=\"225\" height=\"300\" srcset=\"https:\/\/swiebodzice-zss.pl\/wp-content\/uploads\/2026\/04\/zd2-8-225x300.jpg 225w, https:\/\/swiebodzice-zss.pl\/wp-content\/uploads\/2026\/04\/zd2-8-768x1024.jpg 768w, https:\/\/swiebodzice-zss.pl\/wp-content\/uploads\/2026\/04\/zd2-8-1152x1536.jpg 1152w, https:\/\/swiebodzice-zss.pl\/wp-content\/uploads\/2026\/04\/zd2-8.jpg 1536w\" sizes=\"auto, (max-width: 225px) 100vw, 225px\" \/><\/a><\/p>\n","protected":false},"excerpt":{"rendered":"<p>Kolejny Poranek Muzyczny dla przedszkoli i szk\u00f3\u0142 w Filharmonii Sudeckiej w Wa\u0142brzychu za nami! Tym razem dali\u015bmy si\u0119 porwa\u0107 rytmom podczas koncertu \u201ePerkusyjny zawr\u00f3t g\u0142owy\u201d. By\u0142o g\u0142o\u015bno, weso\u0142o i bardzo aktywnie \u2013 dzieci nie&#46;&#46;&#46;<\/p>\n","protected":false},"author":2,"featured_media":3753,"comment_status":"closed","ping_status":"open","sticky":false,"template":"","format":"standard","meta":{"footnotes":""},"categories":[1],"tags":[],"class_list":["post-3750","post","type-post","status-publish","format-standard","has-post-thumbnail","hentry","category-bez-kategorii"],"_links":{"self":[{"href":"https:\/\/swiebodzice-zss.pl\/index.php?rest_route=\/wp\/v2\/posts\/3750","targetHints":{"allow":["GET"]}}],"collection":[{"href":"https:\/\/swiebodzice-zss.pl\/index.php?rest_route=\/wp\/v2\/posts"}],"about":[{"href":"https:\/\/swiebodzice-zss.pl\/index.php?rest_route=\/wp\/v2\/types\/post"}],"author":[{"embeddable":true,"href":"https:\/\/swiebodzice-zss.pl\/index.php?rest_route=\/wp\/v2\/users\/2"}],"replies":[{"embeddable":true,"href":"https:\/\/swiebodzice-zss.pl\/index.php?rest_route=%2Fwp%2Fv2%2Fcomments&post=3750"}],"version-history":[{"count":1,"href":"https:\/\/swiebodzice-zss.pl\/index.php?rest_route=\/wp\/v2\/posts\/3750\/revisions"}],"predecessor-version":[{"id":3754,"href":"https:\/\/swiebodzice-zss.pl\/index.php?rest_route=\/wp\/v2\/posts\/3750\/revisions\/3754"}],"wp:featuredmedia":[{"embeddable":true,"href":"https:\/\/swiebodzice-zss.pl\/index.php?rest_route=\/wp\/v2\/media\/3753"}],"wp:attachment":[{"href":"https:\/\/swiebodzice-zss.pl\/index.php?rest_route=%2Fwp%2Fv2%2Fmedia&parent=3750"}],"wp:term":[{"taxonomy":"category","embeddable":true,"href":"https:\/\/swiebodzice-zss.pl\/index.php?rest_route=%2Fwp%2Fv2%2Fcategories&post=3750"},{"taxonomy":"post_tag","embeddable":true,"href":"https:\/\/swiebodzice-zss.pl\/index.php?rest_route=%2Fwp%2Fv2%2Ftags&post=3750"}],"curies":[{"name":"wp","href":"https:\/\/api.w.org\/{rel}","templated":true}]}}